{"id":40836,"date":"2019-10-14T17:18:38","date_gmt":"2019-10-14T15:18:38","guid":{"rendered":"https:\/\/asterix.com\/la-couverture-de-la-fille-de-vercingetorix-enfin-revelee\/"},"modified":"2025-02-09T17:25:48","modified_gmt":"2025-02-09T16:25:48","slug":"hier-ist-der-neue-band-von-asterix-die-tochter-des-vercingetorix","status":"publish","type":"post","link":"https:\/\/asterix.com\/de\/hier-ist-der-neue-band-von-asterix-die-tochter-des-vercingetorix\/","title":{"rendered":"Hier ist der neue Band von Asterix : Die Tochter des Vercingetorix!"},"content":{"rendered":"<div class=\"wpb-content-wrapper\"><p>[vc_row css_animation=&#8220;&#8220; row_type=&#8220;row&#8220; use_row_as_full_screen_section=&#8220;no&#8220; type=&#8220;full_width&#8220; angled_section=&#8220;no&#8220; text_align=&#8220;left&#8220; background_image_as_pattern=&#8220;without_pattern&#8220;][vc_column width=&#8220;2\/3&#8243;][vc_column_text css=&#8220;&#8220;]<\/p>\n<div class=\"fusion-layout-column fusion_builder_column fusion-builder-column-0 fusion_builder_column_1_1 1_1 fusion-flex-column\">\n<div class=\"fusion-column-wrapper fusion-column-has-shadow fusion-flex-justify-content-flex-start fusion-content-layout-column\">\n<div class=\"fusion-text fusion-text-1\">\n<div class=\"fusion-layout-column fusion_builder_column fusion-builder-column-1 fusion_builder_column_3_5 3_5 fusion-three-fifth fusion-column-last\">\n<div class=\"fusion-column-wrapper fusion-flex-column-wrapper-legacy\">\n<div class=\"fusion-text fusion-text-1\">\n<p>Endlich wird ein gro\u00dfes Geheimnis gel\u00fcftet. Schon seit Anfang des Jahres r\u00e4tseln Asterix und seine Freunde. Ein vorab ver\u00f6ffentlichter Ausschnitt aus dem neuen Abenteuer hat ihre Neugier nur noch mehr angestachelt. Wer mag wohl diese ber\u00fchmte Person sein, die sich im Schutze der Nacht heimlich ins gallische Dorf schleicht? Bei einer Pressekonferenz am 14. Oktober lie\u00dfen Jean-Yves Ferri und Didier Conrad, die Autoren des 38. Asterix-Abenteuers\u00a0<em>Die Tochter des Vercingetorix<\/em>, dann die Bombe platzen: Bei dem Neuzugang handelt es sich tats\u00e4chlich um eine ganz besondere Person namens\u00a0<strong>Adrenaline!<\/strong><\/p>\n<p>&nbsp;<\/p>\n<p>Die Tochter des Vercingetorix ist auf der Flucht vor C\u00e4sars Armeen. Sie steht im Mittelpunkt des Covers zum neuen Album. Um den Hals tr\u00e4gt sie stolz den Wendelring ihres Vaters, des H\u00e4uptlings aller gallischen H\u00e4uptlinge. Ganz klar: So leicht l\u00e4sst Adrenaline sich nicht unterkriegen!<\/p>\n<p>&nbsp;<\/p>\n<\/div>\n<div class=\"fusion-image-element fusion-image-align-center in-legacy-container\">\n<div class=\"imageframe-align-center\">\n<div class=\"awb-image-frame awb-image-frame-2 imageframe-liftup\"><span class=\" fusion-imageframe imageframe-none imageframe-2\"><a class=\"fusion-no-lightbox\" href=\"https:\/\/www.egmont-shop.de\/asterix-nr-38-softcover.html\" target=\"_blank\" rel=\"noopener\" aria-label=\"egmontlogo2\"><img loading=\"lazy\" decoding=\"async\" class=\"img-responsive wp-image-12852\" src=\"https:\/\/www.asterix.com\/wp-content\/uploads\/2018\/05\/egmontlogo2.png\" sizes=\"auto, (max-width: 1000px) 100vw, 302px\" srcset=\"https:\/\/ancien.asterix.com\/wp-content\/uploads\/2018\/05\/egmontlogo2-200x51.png 200w, https:\/\/ancien.asterix.com\/wp-content\/uploads\/2018\/05\/egmontlogo2.png 302w\" alt=\"\" width=\"302\" height=\"77\" \/><\/a><\/span><\/div>\n<\/div>\n<\/div>\n<div class=\"fusion-clearfix\"><\/div>\n<\/div>\n<\/div>\n<\/div>\n<\/div>\n<\/div>\n<p>[\/vc_column_text][vc_empty_space][\/vc_column][vc_column width=&#8220;1\/3&#8243;][vc_single_image image=&#8220;40815&#8243; img_size=&#8220;full&#8220; alignment=&#8220;center&#8220; css=&#8220;&#8220; qode_css_animation=&#8220;&#8220;][vc_empty_space][\/vc_column][\/vc_row][vc_row css_animation=&#8220;&#8220; row_type=&#8220;row&#8220; use_row_as_full_screen_section=&#8220;no&#8220; type=&#8220;full_width&#8220; angled_section=&#8220;no&#8220; text_align=&#8220;left&#8220; background_image_as_pattern=&#8220;without_pattern&#8220;][vc_column width=&#8220;1\/2&#8243;][vc_single_image image=&#8220;40829&#8243; img_size=&#8220;full&#8220; alignment=&#8220;center&#8220; css=&#8220;&#8220; qode_css_animation=&#8220;&#8220;][vc_empty_space][\/vc_column][vc_column width=&#8220;1\/2&#8243;][vc_column_text css=&#8220;&#8220;]<\/p>\n<div class=\"post-content\">\n<div class=\"fusion-fullwidth fullwidth-box fusion-builder-row-1 fusion-flex-container has-pattern-background has-mask-background nonhundred-percent-fullwidth non-hundred-percent-height-scrolling\">\n<div class=\"fusion-builder-row fusion-row fusion-flex-align-items-flex-start\">\n<div class=\"fusion-layout-column fusion_builder_column fusion-builder-column-5 fusion_builder_column_2_3 2_3 fusion-flex-column\">\n<div class=\"fusion-column-wrapper fusion-column-has-shadow fusion-flex-justify-content-flex-start fusion-content-layout-column\">\n<div class=\"fusion-text fusion-text-6\">\n<div class=\"fusion-layout-column fusion_builder_column fusion-builder-column-2 fusion_builder_column_3_4 3_4 fusion-three-fourth fusion-column-first\">\n<div class=\"fusion-column-wrapper fusion-flex-column-wrapper-legacy\">\n<div class=\"fusion-text fusion-text-2\">\n<div class=\"fusion-layout-column fusion_builder_column fusion-builder-column-2 fusion_builder_column_3_4 3_4 fusion-three-fourth fusion-column-first\">\n<div class=\"fusion-column-wrapper fusion-flex-column-wrapper-legacy\">\n<div class=\"fusion-text fusion-text-2\">\n<p>\u201eIch hatte erst \u00fcberlegt, den gro\u00dfen Vercingetorix h\u00f6chstpers\u00f6nlich aus der Schublade zu ziehen\u201c, erkl\u00e4rt Jean-Yves Ferri, der f\u00fcr den Text verantwortlich zeichnet. \u201eAber dann w\u00e4re die Diskrepanz zwischen der Story und den historischen Fakten zu gro\u00df geworden. Deshalb habe ich mich auf seine Tochter konzentriert \u2013 die allerdings frei erfunden ist! Und so kam pl\u00f6tzlich das Thema Pubert\u00e4t ins Spiel \u2026\u201c<\/p>\n<p>&nbsp;<\/p>\n<p>\u201eWir wollten uns st\u00e4rker auf weibliche Figuren konzentrieren\u201c, f\u00fcgt Didier Conrad hinzu, aus dessen Feder die Zeichnungen stammen. \u201eAbgesehen von Zaza in\u00a0<em>Das Geschenk C\u00e4sars<\/em>\u00a0gibt es in der Asterix-Reihe auch kaum Jugendliche. Nach insgesamt 37 Alben muss man Themen und Figuren finden, die von den Sch\u00f6pfern Ren\u00e9 Goscinny und Albert Uderzo bisher wenig behandelt wurden. Nur so schafft man Raum f\u00fcr neue Ideen und bringt frischen Wind rein.\u201c<\/p>\n<p>&nbsp;<\/p>\n<p>Damit Adrenaline sich nicht so allein f\u00fchlt, f\u00fchren Ferri und Conrad eine Reihe jugendlicher Figuren ein, die allesamt gegen ihre Eltern rebellieren. Pl\u00f6tzlich weht im Dorf nicht mehr nur ein frischer Wind, es tobt ein kleiner Orkan! Zur Gang der pubertierenden Teenager geh\u00f6ren untern anderem auch Selfix und Aspix. Sie sind die Spr\u00f6sslinge von Verleihnix, dem Fischh\u00e4ndler, und Automatix, dem Schmied. Die beiden stellen auch Obelix\u2018 Lebenswandel infrage und treiben ihn damit fast in den Wahnsinn!<\/p>\n<\/div>\n<\/div>\n<\/div>\n<\/div>\n<\/div>\n<\/div>\n<\/div>\n<\/div>\n<\/div>\n<\/div>\n<\/div>\n<\/div>\n<p>[\/vc_column_text][vc_empty_space][\/vc_column][\/vc_row][vc_row css_animation=&#8220;&#8220; row_type=&#8220;row&#8220; use_row_as_full_screen_section=&#8220;no&#8220; type=&#8220;full_width&#8220; angled_section=&#8220;no&#8220; text_align=&#8220;left&#8220; background_image_as_pattern=&#8220;without_pattern&#8220;][vc_column][vc_empty_space][vc_single_image image=&#8220;40825&#8243; img_size=&#8220;full&#8220; alignment=&#8220;center&#8220; css=&#8220;&#8220; qode_css_animation=&#8220;&#8220;][vc_column_text css=&#8220;&#8220;]<\/p>\n<div class=\"post-content\">\n<div class=\"fusion-fullwidth fullwidth-box fusion-builder-row-1 fusion-flex-container has-pattern-background has-mask-background nonhundred-percent-fullwidth non-hundred-percent-height-scrolling\">\n<div class=\"fusion-builder-row fusion-row fusion-flex-align-items-flex-start\">\n<div class=\"fusion-layout-column fusion_builder_column fusion-builder-column-5 fusion_builder_column_2_3 2_3 fusion-flex-column\">\n<div class=\"fusion-column-wrapper fusion-column-has-shadow fusion-flex-justify-content-flex-start fusion-content-layout-column\">\n<div class=\"fusion-text fusion-text-6\">\n<div class=\"fusion-layout-column fusion_builder_column fusion-builder-column-2 fusion_builder_column_3_4 3_4 fusion-three-fourth fusion-column-first\">\n<div class=\"fusion-column-wrapper fusion-flex-column-wrapper-legacy\">\n<div class=\"fusion-text fusion-text-2\">\n<div class=\"post-content\">\n<div class=\"fusion-fullwidth fullwidth-box fusion-builder-row-1 nonhundred-percent-fullwidth non-hundred-percent-height-scrolling\">\n<div class=\"fusion-builder-row fusion-row\">\n<div class=\"fusion-layout-column fusion_builder_column fusion-builder-column-4 fusion_builder_column_1_1 1_1 fusion-one-full fusion-column-first fusion-column-last album-integrale\">\n<div class=\"fusion-column-wrapper fusion-flex-column-wrapper-legacy\">\n<div class=\"fusion-text fusion-text-3\">\n<div class=\"post-content\">\n<div class=\"fusion-fullwidth fullwidth-box fusion-builder-row-1 nonhundred-percent-fullwidth non-hundred-percent-height-scrolling\">\n<div class=\"fusion-builder-row fusion-row\">\n<div class=\"fusion-layout-column fusion_builder_column fusion-builder-column-4 fusion_builder_column_1_1 1_1 fusion-one-full fusion-column-first fusion-column-last album-integrale\">\n<div class=\"fusion-column-wrapper fusion-flex-column-wrapper-legacy\">\n<div class=\"fusion-text fusion-text-3\">\n<p>Asterix und Obelix m\u00fcssen sich diesmal ganz sch\u00f6n was einfallen lassen, um mit dem \u201epubert\u00e4ren Terror\u201c fertig zu werden und eine kleine Lady in Schach zu halten, die genau wei\u00df, was sie will! Wie sie das anstellen?\u00a0<strong>Das erfahrt Ihr in\u00a0<em>Die Tochter des Vercingetorix<\/em> \u2013 ab dem 24. Oktober 2019 im Buchhandel erh\u00e4ltlich!<\/strong><\/p>\n<\/div>\n<\/div>\n<\/div>\n<\/div>\n<\/div>\n<\/div>\n<\/div>\n<\/div>\n<\/div>\n<\/div>\n<\/div>\n<\/div>\n<\/div>\n<\/div>\n<\/div>\n<\/div>\n<\/div>\n<\/div>\n<\/div>\n<\/div>\n<\/div>\n<p>[\/vc_column_text][\/vc_column][\/vc_row]<\/p>\n<\/div>","protected":false},"excerpt":{"rendered":"<p>Vor 60 Jahren lieferten Albert Uderzo und Ren\u00e9 Goscinny ihren ersten Geniestreich ab: Asterix der Gallier! Nun, p\u00fcnktlich zum Jubil\u00e4um meldet sich der unbeugsame Held mit einem neuen Abenteuer zur\u00fcck!<\/p>\n","protected":false},"author":1,"featured_media":40811,"comment_status":"open","ping_status":"open","sticky":false,"template":"","format":"standard","meta":{"_acf_changed":false,"footnotes":"","_wp_rev_ctl_limit":""},"categories":[1201],"tags":[],"class_list":["post-40836","post","type-post","status-publish","format-standard","has-post-thumbnail","hentry","category-actualites-de"],"acf":[],"yoast_head":"<!-- This site is optimized with the Yoast SEO plugin v26.7 - https:\/\/yoast.com\/wordpress\/plugins\/seo\/ -->\n<title>Hier ist der neue Band von Asterix : Die Tochter des Vercingetorix! - Ast\u00e9rix<\/title>\n<meta name=\"robots\" content=\"index, follow, max-snippet:-1, max-image-preview:large, max-video-preview:-1\" \/>\n<link rel=\"canonical\" href=\"https:\/\/asterix.com\/de\/hier-ist-der-neue-band-von-asterix-die-tochter-des-vercingetorix\/\" \/>\n<meta property=\"og:locale\" content=\"de_DE\" \/>\n<meta property=\"og:type\" content=\"article\" \/>\n<meta property=\"og:title\" content=\"Hier ist der neue Band von Asterix : Die Tochter des Vercingetorix! - Ast\u00e9rix\" \/>\n<meta property=\"og:description\" content=\"Vor 60 Jahren lieferten Albert Uderzo und Ren\u00e9 Goscinny ihren ersten Geniestreich ab: Asterix der Gallier! Nun, p\u00fcnktlich zum Jubil\u00e4um meldet sich der unbeugsame Held mit einem neuen Abenteuer zur\u00fcck!\" \/>\n<meta property=\"og:url\" content=\"https:\/\/asterix.com\/de\/hier-ist-der-neue-band-von-asterix-die-tochter-des-vercingetorix\/\" \/>\n<meta property=\"og:site_name\" content=\"Ast\u00e9rix\" \/>\n<meta property=\"article:published_time\" content=\"2019-10-14T15:18:38+00:00\" \/>\n<meta property=\"article:modified_time\" content=\"2025-02-09T16:25:48+00:00\" \/>\n<meta property=\"og:image\" content=\"https:\/\/asterix.com\/wp-content\/uploads\/2025\/02\/Das-Cover-des-neuen-Albums-Die-Tochter-des-Vercingetorix-endlich-enthullt-2.png\" \/>\n\t<meta property=\"og:image:width\" content=\"320\" \/>\n\t<meta property=\"og:image:height\" content=\"202\" \/>\n\t<meta property=\"og:image:type\" content=\"image\/png\" \/>\n<meta name=\"author\" content=\"admin7996\" \/>\n<meta name=\"twitter:card\" content=\"summary_large_image\" \/>\n<meta name=\"twitter:label1\" content=\"Verfasst von\" \/>\n\t<meta name=\"twitter:data1\" content=\"admin7996\" \/>\n\t<meta name=\"twitter:label2\" content=\"Gesch\u00e4tzte Lesezeit\" \/>\n\t<meta name=\"twitter:data2\" content=\"4\u00a0Minuten\" \/>\n<script type=\"application\/ld+json\" class=\"yoast-schema-graph\">{\"@context\":\"https:\/\/schema.org\",\"@graph\":[{\"@type\":\"Article\",\"@id\":\"https:\/\/asterix.com\/de\/hier-ist-der-neue-band-von-asterix-die-tochter-des-vercingetorix\/#article\",\"isPartOf\":{\"@id\":\"https:\/\/asterix.com\/de\/hier-ist-der-neue-band-von-asterix-die-tochter-des-vercingetorix\/\"},\"author\":{\"name\":\"admin7996\",\"@id\":\"https:\/\/asterix.com\/de\/#\/schema\/person\/508b5c1e849e58e5f625b10f47edc62e\"},\"headline\":\"Hier ist der neue Band von Asterix : Die Tochter des Vercingetorix!\",\"datePublished\":\"2019-10-14T15:18:38+00:00\",\"dateModified\":\"2025-02-09T16:25:48+00:00\",\"mainEntityOfPage\":{\"@id\":\"https:\/\/asterix.com\/de\/hier-ist-der-neue-band-von-asterix-die-tochter-des-vercingetorix\/\"},\"wordCount\":626,\"commentCount\":0,\"image\":{\"@id\":\"https:\/\/asterix.com\/de\/hier-ist-der-neue-band-von-asterix-die-tochter-des-vercingetorix\/#primaryimage\"},\"thumbnailUrl\":\"https:\/\/asterix.com\/wp-content\/uploads\/2025\/02\/Das-Cover-des-neuen-Albums-Die-Tochter-des-Vercingetorix-endlich-enthullt-2.png\",\"articleSection\":[\"Actualit\u00e9s\"],\"inLanguage\":\"de\",\"potentialAction\":[{\"@type\":\"CommentAction\",\"name\":\"Comment\",\"target\":[\"https:\/\/asterix.com\/de\/hier-ist-der-neue-band-von-asterix-die-tochter-des-vercingetorix\/#respond\"]}]},{\"@type\":\"WebPage\",\"@id\":\"https:\/\/asterix.com\/de\/hier-ist-der-neue-band-von-asterix-die-tochter-des-vercingetorix\/\",\"url\":\"https:\/\/asterix.com\/de\/hier-ist-der-neue-band-von-asterix-die-tochter-des-vercingetorix\/\",\"name\":\"Hier ist der neue Band von Asterix : Die Tochter des Vercingetorix! - Ast\u00e9rix\",\"isPartOf\":{\"@id\":\"https:\/\/asterix.com\/de\/#website\"},\"primaryImageOfPage\":{\"@id\":\"https:\/\/asterix.com\/de\/hier-ist-der-neue-band-von-asterix-die-tochter-des-vercingetorix\/#primaryimage\"},\"image\":{\"@id\":\"https:\/\/asterix.com\/de\/hier-ist-der-neue-band-von-asterix-die-tochter-des-vercingetorix\/#primaryimage\"},\"thumbnailUrl\":\"https:\/\/asterix.com\/wp-content\/uploads\/2025\/02\/Das-Cover-des-neuen-Albums-Die-Tochter-des-Vercingetorix-endlich-enthullt-2.png\",\"datePublished\":\"2019-10-14T15:18:38+00:00\",\"dateModified\":\"2025-02-09T16:25:48+00:00\",\"author\":{\"@id\":\"https:\/\/asterix.com\/de\/#\/schema\/person\/508b5c1e849e58e5f625b10f47edc62e\"},\"breadcrumb\":{\"@id\":\"https:\/\/asterix.com\/de\/hier-ist-der-neue-band-von-asterix-die-tochter-des-vercingetorix\/#breadcrumb\"},\"inLanguage\":\"de\",\"potentialAction\":[{\"@type\":\"ReadAction\",\"target\":[\"https:\/\/asterix.com\/de\/hier-ist-der-neue-band-von-asterix-die-tochter-des-vercingetorix\/\"]}]},{\"@type\":\"ImageObject\",\"inLanguage\":\"de\",\"@id\":\"https:\/\/asterix.com\/de\/hier-ist-der-neue-band-von-asterix-die-tochter-des-vercingetorix\/#primaryimage\",\"url\":\"https:\/\/asterix.com\/wp-content\/uploads\/2025\/02\/Das-Cover-des-neuen-Albums-Die-Tochter-des-Vercingetorix-endlich-enthullt-2.png\",\"contentUrl\":\"https:\/\/asterix.com\/wp-content\/uploads\/2025\/02\/Das-Cover-des-neuen-Albums-Die-Tochter-des-Vercingetorix-endlich-enthullt-2.png\",\"width\":320,\"height\":202,\"caption\":\"Das Cover des neuen Albums, Die Tochter des Vercingetorix, endlich enth\u00fcllt 2\"},{\"@type\":\"BreadcrumbList\",\"@id\":\"https:\/\/asterix.com\/de\/hier-ist-der-neue-band-von-asterix-die-tochter-des-vercingetorix\/#breadcrumb\",\"itemListElement\":[{\"@type\":\"ListItem\",\"position\":1,\"name\":\"Accueil\",\"item\":\"https:\/\/asterix.com\/de\/\"},{\"@type\":\"ListItem\",\"position\":2,\"name\":\"Hier ist der neue Band von Asterix : Die Tochter des Vercingetorix!\"}]},{\"@type\":\"WebSite\",\"@id\":\"https:\/\/asterix.com\/de\/#website\",\"url\":\"https:\/\/asterix.com\/de\/\",\"name\":\"Ast\u00e9rix\",\"description\":\"Le site officiel\",\"potentialAction\":[{\"@type\":\"SearchAction\",\"target\":{\"@type\":\"EntryPoint\",\"urlTemplate\":\"https:\/\/asterix.com\/de\/?s={search_term_string}\"},\"query-input\":{\"@type\":\"PropertyValueSpecification\",\"valueRequired\":true,\"valueName\":\"search_term_string\"}}],\"inLanguage\":\"de\"},{\"@type\":\"Person\",\"@id\":\"https:\/\/asterix.com\/de\/#\/schema\/person\/508b5c1e849e58e5f625b10f47edc62e\",\"name\":\"admin7996\",\"sameAs\":[\"http:\/\/asterix.com\"],\"url\":\"https:\/\/asterix.com\/de\/author\/admin7996\/\"}]}<\/script>\n<!-- \/ Yoast SEO plugin. -->","yoast_head_json":{"title":"Hier ist der neue Band von Asterix : Die Tochter des Vercingetorix! - Ast\u00e9rix","robots":{"index":"index","follow":"follow","max-snippet":"max-snippet:-1","max-image-preview":"max-image-preview:large","max-video-preview":"max-video-preview:-1"},"canonical":"https:\/\/asterix.com\/de\/hier-ist-der-neue-band-von-asterix-die-tochter-des-vercingetorix\/","og_locale":"de_DE","og_type":"article","og_title":"Hier ist der neue Band von Asterix : Die Tochter des Vercingetorix! - Ast\u00e9rix","og_description":"Vor 60 Jahren lieferten Albert Uderzo und Ren\u00e9 Goscinny ihren ersten Geniestreich ab: Asterix der Gallier! Nun, p\u00fcnktlich zum Jubil\u00e4um meldet sich der unbeugsame Held mit einem neuen Abenteuer zur\u00fcck!","og_url":"https:\/\/asterix.com\/de\/hier-ist-der-neue-band-von-asterix-die-tochter-des-vercingetorix\/","og_site_name":"Ast\u00e9rix","article_published_time":"2019-10-14T15:18:38+00:00","article_modified_time":"2025-02-09T16:25:48+00:00","og_image":[{"width":320,"height":202,"url":"https:\/\/asterix.com\/wp-content\/uploads\/2025\/02\/Das-Cover-des-neuen-Albums-Die-Tochter-des-Vercingetorix-endlich-enthullt-2.png","type":"image\/png"}],"author":"admin7996","twitter_card":"summary_large_image","twitter_misc":{"Verfasst von":"admin7996","Gesch\u00e4tzte Lesezeit":"4\u00a0Minuten"},"schema":{"@context":"https:\/\/schema.org","@graph":[{"@type":"Article","@id":"https:\/\/asterix.com\/de\/hier-ist-der-neue-band-von-asterix-die-tochter-des-vercingetorix\/#article","isPartOf":{"@id":"https:\/\/asterix.com\/de\/hier-ist-der-neue-band-von-asterix-die-tochter-des-vercingetorix\/"},"author":{"name":"admin7996","@id":"https:\/\/asterix.com\/de\/#\/schema\/person\/508b5c1e849e58e5f625b10f47edc62e"},"headline":"Hier ist der neue Band von Asterix : Die Tochter des Vercingetorix!","datePublished":"2019-10-14T15:18:38+00:00","dateModified":"2025-02-09T16:25:48+00:00","mainEntityOfPage":{"@id":"https:\/\/asterix.com\/de\/hier-ist-der-neue-band-von-asterix-die-tochter-des-vercingetorix\/"},"wordCount":626,"commentCount":0,"image":{"@id":"https:\/\/asterix.com\/de\/hier-ist-der-neue-band-von-asterix-die-tochter-des-vercingetorix\/#primaryimage"},"thumbnailUrl":"https:\/\/asterix.com\/wp-content\/uploads\/2025\/02\/Das-Cover-des-neuen-Albums-Die-Tochter-des-Vercingetorix-endlich-enthullt-2.png","articleSection":["Actualit\u00e9s"],"inLanguage":"de","potentialAction":[{"@type":"CommentAction","name":"Comment","target":["https:\/\/asterix.com\/de\/hier-ist-der-neue-band-von-asterix-die-tochter-des-vercingetorix\/#respond"]}]},{"@type":"WebPage","@id":"https:\/\/asterix.com\/de\/hier-ist-der-neue-band-von-asterix-die-tochter-des-vercingetorix\/","url":"https:\/\/asterix.com\/de\/hier-ist-der-neue-band-von-asterix-die-tochter-des-vercingetorix\/","name":"Hier ist der neue Band von Asterix : Die Tochter des Vercingetorix! - Ast\u00e9rix","isPartOf":{"@id":"https:\/\/asterix.com\/de\/#website"},"primaryImageOfPage":{"@id":"https:\/\/asterix.com\/de\/hier-ist-der-neue-band-von-asterix-die-tochter-des-vercingetorix\/#primaryimage"},"image":{"@id":"https:\/\/asterix.com\/de\/hier-ist-der-neue-band-von-asterix-die-tochter-des-vercingetorix\/#primaryimage"},"thumbnailUrl":"https:\/\/asterix.com\/wp-content\/uploads\/2025\/02\/Das-Cover-des-neuen-Albums-Die-Tochter-des-Vercingetorix-endlich-enthullt-2.png","datePublished":"2019-10-14T15:18:38+00:00","dateModified":"2025-02-09T16:25:48+00:00","author":{"@id":"https:\/\/asterix.com\/de\/#\/schema\/person\/508b5c1e849e58e5f625b10f47edc62e"},"breadcrumb":{"@id":"https:\/\/asterix.com\/de\/hier-ist-der-neue-band-von-asterix-die-tochter-des-vercingetorix\/#breadcrumb"},"inLanguage":"de","potentialAction":[{"@type":"ReadAction","target":["https:\/\/asterix.com\/de\/hier-ist-der-neue-band-von-asterix-die-tochter-des-vercingetorix\/"]}]},{"@type":"ImageObject","inLanguage":"de","@id":"https:\/\/asterix.com\/de\/hier-ist-der-neue-band-von-asterix-die-tochter-des-vercingetorix\/#primaryimage","url":"https:\/\/asterix.com\/wp-content\/uploads\/2025\/02\/Das-Cover-des-neuen-Albums-Die-Tochter-des-Vercingetorix-endlich-enthullt-2.png","contentUrl":"https:\/\/asterix.com\/wp-content\/uploads\/2025\/02\/Das-Cover-des-neuen-Albums-Die-Tochter-des-Vercingetorix-endlich-enthullt-2.png","width":320,"height":202,"caption":"Das Cover des neuen Albums, Die Tochter des Vercingetorix, endlich enth\u00fcllt 2"},{"@type":"BreadcrumbList","@id":"https:\/\/asterix.com\/de\/hier-ist-der-neue-band-von-asterix-die-tochter-des-vercingetorix\/#breadcrumb","itemListElement":[{"@type":"ListItem","position":1,"name":"Accueil","item":"https:\/\/asterix.com\/de\/"},{"@type":"ListItem","position":2,"name":"Hier ist der neue Band von Asterix : Die Tochter des Vercingetorix!"}]},{"@type":"WebSite","@id":"https:\/\/asterix.com\/de\/#website","url":"https:\/\/asterix.com\/de\/","name":"Ast\u00e9rix","description":"Le site officiel","potentialAction":[{"@type":"SearchAction","target":{"@type":"EntryPoint","urlTemplate":"https:\/\/asterix.com\/de\/?s={search_term_string}"},"query-input":{"@type":"PropertyValueSpecification","valueRequired":true,"valueName":"search_term_string"}}],"inLanguage":"de"},{"@type":"Person","@id":"https:\/\/asterix.com\/de\/#\/schema\/person\/508b5c1e849e58e5f625b10f47edc62e","name":"admin7996","sameAs":["http:\/\/asterix.com"],"url":"https:\/\/asterix.com\/de\/author\/admin7996\/"}]}},"_links":{"self":[{"href":"https:\/\/asterix.com\/de\/wp-json\/wp\/v2\/posts\/40836","targetHints":{"allow":["GET"]}}],"collection":[{"href":"https:\/\/asterix.com\/de\/wp-json\/wp\/v2\/posts"}],"about":[{"href":"https:\/\/asterix.com\/de\/wp-json\/wp\/v2\/types\/post"}],"author":[{"embeddable":true,"href":"https:\/\/asterix.com\/de\/wp-json\/wp\/v2\/users\/1"}],"replies":[{"embeddable":true,"href":"https:\/\/asterix.com\/de\/wp-json\/wp\/v2\/comments?post=40836"}],"version-history":[{"count":2,"href":"https:\/\/asterix.com\/de\/wp-json\/wp\/v2\/posts\/40836\/revisions"}],"predecessor-version":[{"id":40845,"href":"https:\/\/asterix.com\/de\/wp-json\/wp\/v2\/posts\/40836\/revisions\/40845"}],"wp:featuredmedia":[{"embeddable":true,"href":"https:\/\/asterix.com\/de\/wp-json\/wp\/v2\/media\/40811"}],"wp:attachment":[{"href":"https:\/\/asterix.com\/de\/wp-json\/wp\/v2\/media?parent=40836"}],"wp:term":[{"taxonomy":"category","embeddable":true,"href":"https:\/\/asterix.com\/de\/wp-json\/wp\/v2\/categories?post=40836"},{"taxonomy":"post_tag","embeddable":true,"href":"https:\/\/asterix.com\/de\/wp-json\/wp\/v2\/tags?post=40836"}],"curies":[{"name":"wp","href":"https:\/\/api.w.org\/{rel}","templated":true}]}}