{"id":40896,"date":"2021-01-04T18:24:16","date_gmt":"2021-01-04T17:24:16","guid":{"rendered":"https:\/\/asterix.com\/le-nouvel-album-dasterix-sortira-le-21-octobre-2021\/"},"modified":"2025-02-09T18:31:24","modified_gmt":"2025-02-09T17:31:24","slug":"das-neue-asterix-album-erscheint-am-21-oktober-2021","status":"publish","type":"post","link":"https:\/\/asterix.com\/de\/das-neue-asterix-album-erscheint-am-21-oktober-2021\/","title":{"rendered":"Das neue Asterix-Album erscheint am 21. Oktober 2021!"},"content":{"rendered":"<div class=\"wpb-content-wrapper\"><p>[vc_row css_animation=&#8220;&#8220; row_type=&#8220;row&#8220; use_row_as_full_screen_section=&#8220;no&#8220; type=&#8220;full_width&#8220; angled_section=&#8220;no&#8220; text_align=&#8220;left&#8220; background_image_as_pattern=&#8220;without_pattern&#8220;][vc_column][vc_column_text css=&#8220;&#8220;]<\/p>\n<div class=\"fusion-layout-column fusion_builder_column fusion-builder-column-0 fusion_builder_column_1_1 1_1 fusion-flex-column\">\n<div class=\"fusion-column-wrapper fusion-column-has-shadow fusion-flex-justify-content-flex-start fusion-content-layout-column\">\n<div class=\"fusion-text fusion-text-1\">\n<div class=\"fusion-layout-column fusion_builder_column fusion-builder-column-0 fusion_builder_column_1_3 1_3 fusion-one-third fusion-column-first\">\n<div class=\"fusion-column-wrapper fusion-flex-column-wrapper-legacy\">\n<div class=\"fusion-text fusion-text-1\">\n<div class=\"fusion-layout-column fusion_builder_column fusion-builder-column-0 fusion_builder_column_1_3 1_3 fusion-one-third fusion-column-first\">\n<div class=\"fusion-column-wrapper fusion-flex-column-wrapper-legacy\">\n<div class=\"fusion-text fusion-text-1\">\n<p>Das neue Werk des Erfolgsduos Jean-Yves Ferri und Didier Conrad ist bald da! Sie sind w\u00e4hrend des Lockdowns sehr flei\u00dfig gewesen und haben uns einen Zaubertrank f\u00fcr unersch\u00fctterliche gute Laune gebraut \u2026\u00a0<b>ein neues\u00a0<i>Asterix<\/i>-Album! Ab 21. Oktober 2021<\/b> im Handel in aller Herren L\u00e4nder erh\u00e4ltlich.<\/p>\n<\/div>\n<\/div>\n<\/div>\n<\/div>\n<\/div>\n<\/div>\n<\/div>\n<\/div>\n<\/div>\n<p>[\/vc_column_text][vc_empty_space][\/vc_column][\/vc_row][vc_row css_animation=&#8220;&#8220; row_type=&#8220;row&#8220; use_row_as_full_screen_section=&#8220;no&#8220; type=&#8220;full_width&#8220; angled_section=&#8220;no&#8220; text_align=&#8220;left&#8220; background_image_as_pattern=&#8220;without_pattern&#8220;][vc_column width=&#8220;1\/2&#8243;][vc_single_image image=&#8220;40870&#8243; img_size=&#8220;full&#8220; alignment=&#8220;center&#8220; css=&#8220;&#8220; qode_css_animation=&#8220;&#8220;][vc_empty_space][\/vc_column][vc_column width=&#8220;1\/2&#8243;][vc_column_text css=&#8220;&#8220;]<\/p>\n<div class=\"post-content\">\n<div class=\"fusion-fullwidth fullwidth-box fusion-builder-row-1 fusion-flex-container has-pattern-background has-mask-background nonhundred-percent-fullwidth non-hundred-percent-height-scrolling\">\n<div class=\"fusion-builder-row fusion-row fusion-flex-align-items-flex-start\">\n<div class=\"fusion-layout-column fusion_builder_column fusion-builder-column-5 fusion_builder_column_2_3 2_3 fusion-flex-column\">\n<div class=\"fusion-column-wrapper fusion-column-has-shadow fusion-flex-justify-content-flex-start fusion-content-layout-column\">\n<div class=\"fusion-text fusion-text-6\">\n<div class=\"fusion-layout-column fusion_builder_column fusion-builder-column-4 fusion_builder_column_2_3 2_3 fusion-two-third fusion-column-last\">\n<div class=\"fusion-column-wrapper fusion-flex-column-wrapper-legacy\">\n<div class=\"fusion-text fusion-text-3\">\n<p>Nach\u00a0<i>Asterix bei den Pikten<\/i>\u00a0(2013),\u00a0<i>Der Papyrus des C\u00e4sar\u00a0<\/i>(2015),\u00a0<i>Asterix in Italien\u00a0<\/i>(2017) und\u00a0<i>Die Tochter des Vercingetorix\u00a0<\/i>(2019) ist aktuell ein weiteres Album aus der Feder von Jean-Yves Ferri (Text) und Didier Conrad (Zeichnungen) in Arbeit. Mit seiner f\u00fcnften Gemeinschaftsarbeit setzt das Autorenduo das Werk von Ren\u00e9 Goscinny und Albert Uderzo fort, die das Asterix-Universum vor \u00fcber 60 Jahren erschufen.<\/p>\n<p>&nbsp;<\/p>\n<p>Und als Vorgeschmack auf das gro\u00dfe Bankett im kommenden Oktober enth\u00fcllen Jean-Yves Ferri und Didier Conrad\u00a0<b>vorab und exklusiv einen kleinen Auszug<\/b> aus ihrem neuen Werk.<\/p>\n<\/div>\n<\/div>\n<\/div>\n<\/div>\n<\/div>\n<\/div>\n<\/div>\n<\/div>\n<\/div>\n<p>[\/vc_column_text][vc_empty_space][\/vc_column][\/vc_row][vc_row css_animation=&#8220;&#8220; row_type=&#8220;row&#8220; use_row_as_full_screen_section=&#8220;no&#8220; type=&#8220;full_width&#8220; angled_section=&#8220;no&#8220; text_align=&#8220;left&#8220; background_image_as_pattern=&#8220;without_pattern&#8220;][vc_column][vc_empty_space][vc_column_text css=&#8220;&#8220;]<\/p>\n<div class=\"post-content\">\n<div class=\"fusion-fullwidth fullwidth-box fusion-builder-row-1 fusion-flex-container has-pattern-background has-mask-background nonhundred-percent-fullwidth non-hundred-percent-height-scrolling\">\n<div class=\"fusion-builder-row fusion-row fusion-flex-align-items-flex-start\">\n<div class=\"fusion-layout-column fusion_builder_column fusion-builder-column-5 fusion_builder_column_2_3 2_3 fusion-flex-column\">\n<div class=\"fusion-column-wrapper fusion-column-has-shadow fusion-flex-justify-content-flex-start fusion-content-layout-column\">\n<div class=\"fusion-text fusion-text-6\">\n<div class=\"fusion-layout-column fusion_builder_column fusion-builder-column-5 fusion_builder_column_1_1 1_1 fusion-one-full fusion-column-first fusion-column-last\">\n<div class=\"fusion-column-wrapper fusion-flex-column-wrapper-legacy\">\n<div class=\"fusion-text fusion-text-4\">\n<p>Wie es die Tradition verlangt (immer sch\u00f6n im Wechsel!) gehen unsere Freunde im neuen Album wieder auf Reisen. Das best\u00e4tigt uns auch der Druide. Nehmen wir diesen r\u00e4tselhaften Ausschnitt mal genauer unter die Lupe: W\u00e4hrend die beiden Gef\u00e4hrten eine Partie Gallier-Schach spielen, schreckt unser lieber Miraculix, der wohl gerade eingenickt war, pl\u00f6tzlich hoch und br\u00fcllt:<img loading=\"lazy\" decoding=\"async\" class=\"alignnone size-full wp-image-40892\" src=\"https:\/\/asterix.com\/wp-content\/uploads\/2025\/02\/Biiip.png\" alt=\"Biiip\" width=\"146\" height=\"21\" \/>! Was hat ihn nur so empfindlich in seinem Schlaf gest\u00f6rt und wobei ben\u00f6tigt er so dringend Hilfe?<\/p>\n<p>&nbsp;<\/p>\n<p>Das sind also die gro\u00dfen Fragen, die wir uns zu Beginn des neuen Jahres stellen m\u00fcssen: Wohin geht die Reise unserer gallischen Freunde? Und vor allem: Wer mag wohl dieser<img loading=\"lazy\" decoding=\"async\" class=\"alignnone size-full wp-image-40892\" src=\"https:\/\/asterix.com\/wp-content\/uploads\/2025\/02\/Biiip.png\" alt=\"Biiip\" width=\"146\" height=\"21\" \/>sein?<\/p>\n<\/div>\n<\/div>\n<\/div>\n<\/div>\n<\/div>\n<\/div>\n<\/div>\n<\/div>\n<\/div>\n<p>[\/vc_column_text][vc_empty_space][\/vc_column][\/vc_row][vc_row css_animation=&#8220;&#8220; row_type=&#8220;row&#8220; use_row_as_full_screen_section=&#8220;no&#8220; type=&#8220;full_width&#8220; angled_section=&#8220;no&#8220; text_align=&#8220;left&#8220; background_image_as_pattern=&#8220;without_pattern&#8220;][vc_column width=&#8220;1\/2&#8243;][vc_column_text css=&#8220;&#8220;]<\/p>\n<div class=\"post-content\">\n<div class=\"fusion-fullwidth fullwidth-box fusion-builder-row-1 fusion-flex-container has-pattern-background has-mask-background nonhundred-percent-fullwidth non-hundred-percent-height-scrolling\">\n<div class=\"fusion-builder-row fusion-row fusion-flex-align-items-flex-start\">\n<div class=\"fusion-layout-column fusion_builder_column fusion-builder-column-5 fusion_builder_column_2_3 2_3 fusion-flex-column\">\n<div class=\"fusion-column-wrapper fusion-column-has-shadow fusion-flex-justify-content-flex-start fusion-content-layout-column\">\n<div class=\"fusion-text fusion-text-6\">\n<div class=\"fusion-layout-column fusion_builder_column fusion-builder-column-6 fusion_builder_column_2_3 2_3 fusion-two-third fusion-column-first\">\n<div class=\"fusion-column-wrapper fusion-flex-column-wrapper-legacy\">\n<div class=\"fusion-text fusion-text-5\">\n<div class=\"fusion-layout-column fusion_builder_column fusion-builder-column-6 fusion_builder_column_2_3 2_3 fusion-two-third fusion-column-first\">\n<div class=\"fusion-column-wrapper fusion-flex-column-wrapper-legacy\">\n<div class=\"fusion-text fusion-text-5\">\n<p><b>Fragen wir doch einfach die beiden Autoren, die uns sicher gern den ein oder anderen Tipp zum Reiseziel der Gallier geben:<\/b><\/p>\n<p>&nbsp;<\/p>\n<p><i>\u00abNoch bevor ich mit der Arbeit am neuen Album angefangen habe, hatte ich die Idee, die lieben Unbeugsamen dahin zu schicken, wo \u2026 Oh, Entschuldigung, ich muss weg.\u00bb<\/i><\/p>\n<p>Jean-Yves Ferri<\/p>\n<p>&nbsp;<\/p>\n<p><i>\u00abHallo? Das ist doch ganz offensichtlich!! Achten Sie auf die Details. Sehen Sie sich alles ganz genau an und denken Sie nach! Das sieht doch jeder! Oder?\u201c\u00bb<\/i><\/p>\n<p>Didier Conrad<\/p>\n<p>&nbsp;<\/p>\n<p>Mit all diesen Hinweisen muss des R\u00e4tsels L\u00f6sung doch einfach sein \u2026<\/p>\n<p>&nbsp;<\/p>\n<p><b>Wir sehen uns am 21. Oktober 2021!<\/b><\/p>\n<\/div>\n<\/div>\n<\/div>\n<\/div>\n<\/div>\n<\/div>\n<\/div>\n<\/div>\n<\/div>\n<\/div>\n<\/div>\n<\/div>\n<p>[\/vc_column_text][vc_empty_space][\/vc_column][vc_column width=&#8220;1\/2&#8243;][vc_single_image image=&#8220;40874&#8243; img_size=&#8220;full&#8220; alignment=&#8220;center&#8220; css=&#8220;&#8220; qode_css_animation=&#8220;&#8220;][\/vc_column][\/vc_row]<\/p>\n<\/div>","protected":false},"excerpt":{"rendered":"<p>Das neue Werk des Erfolgsduos Jean-Yves Ferri und Didier Conrad ist bald da! Sie sind w\u00e4hrend des Lockdowns sehr flei\u00dfig gewesen und haben uns einen Zaubertrank f\u00fcr unersch\u00fctterliche gute Laune gebraut &#8230; ein neues Asterix-Album! Ab 21. Oktober 2021 im Handel in aller Herren L\u00e4nder erh\u00e4ltlich.<\/p>\n","protected":false},"author":1,"featured_media":40888,"comment_status":"open","ping_status":"open","sticky":false,"template":"","format":"standard","meta":{"_acf_changed":false,"footnotes":"","_wp_rev_ctl_limit":""},"categories":[1201],"tags":[],"class_list":["post-40896","post","type-post","status-publish","format-standard","has-post-thumbnail","hentry","category-actualites-de"],"acf":[],"yoast_head":"<!-- This site is optimized with the Yoast SEO plugin v26.7 - https:\/\/yoast.com\/wordpress\/plugins\/seo\/ -->\n<title>Das neue Asterix-Album erscheint am 21. Oktober 2021! - Ast\u00e9rix<\/title>\n<meta name=\"robots\" content=\"index, follow, max-snippet:-1, max-image-preview:large, max-video-preview:-1\" \/>\n<link rel=\"canonical\" href=\"https:\/\/asterix.com\/de\/das-neue-asterix-album-erscheint-am-21-oktober-2021\/\" \/>\n<meta property=\"og:locale\" content=\"de_DE\" \/>\n<meta property=\"og:type\" content=\"article\" \/>\n<meta property=\"og:title\" content=\"Das neue Asterix-Album erscheint am 21. Oktober 2021! - Ast\u00e9rix\" \/>\n<meta property=\"og:description\" content=\"Das neue Werk des Erfolgsduos Jean-Yves Ferri und Didier Conrad ist bald da! Sie sind w\u00e4hrend des Lockdowns sehr flei\u00dfig gewesen und haben uns einen Zaubertrank f\u00fcr unersch\u00fctterliche gute Laune gebraut ... ein neues Asterix-Album! Ab 21. Oktober 2021 im Handel in aller Herren L\u00e4nder erh\u00e4ltlich.\" \/>\n<meta property=\"og:url\" content=\"https:\/\/asterix.com\/de\/das-neue-asterix-album-erscheint-am-21-oktober-2021\/\" \/>\n<meta property=\"og:site_name\" content=\"Ast\u00e9rix\" \/>\n<meta property=\"article:published_time\" content=\"2021-01-04T17:24:16+00:00\" \/>\n<meta property=\"article:modified_time\" content=\"2025-02-09T17:31:24+00:00\" \/>\n<meta property=\"og:image\" content=\"https:\/\/asterix.com\/wp-content\/uploads\/2025\/02\/Das-neue-Asterix-Album-erscheint-am-21.-Oktober-2021.png\" \/>\n\t<meta property=\"og:image:width\" content=\"650\" \/>\n\t<meta property=\"og:image:height\" content=\"372\" \/>\n\t<meta property=\"og:image:type\" content=\"image\/png\" \/>\n<meta name=\"author\" content=\"admin7996\" \/>\n<meta name=\"twitter:card\" content=\"summary_large_image\" \/>\n<meta name=\"twitter:label1\" content=\"Verfasst von\" \/>\n\t<meta name=\"twitter:data1\" content=\"admin7996\" \/>\n\t<meta name=\"twitter:label2\" content=\"Gesch\u00e4tzte Lesezeit\" \/>\n\t<meta name=\"twitter:data2\" content=\"3\u00a0Minuten\" \/>\n<script type=\"application\/ld+json\" class=\"yoast-schema-graph\">{\"@context\":\"https:\/\/schema.org\",\"@graph\":[{\"@type\":\"Article\",\"@id\":\"https:\/\/asterix.com\/de\/das-neue-asterix-album-erscheint-am-21-oktober-2021\/#article\",\"isPartOf\":{\"@id\":\"https:\/\/asterix.com\/de\/das-neue-asterix-album-erscheint-am-21-oktober-2021\/\"},\"author\":{\"name\":\"admin7996\",\"@id\":\"https:\/\/asterix.com\/de\/#\/schema\/person\/508b5c1e849e58e5f625b10f47edc62e\"},\"headline\":\"Das neue Asterix-Album erscheint am 21. Oktober 2021!\",\"datePublished\":\"2021-01-04T17:24:16+00:00\",\"dateModified\":\"2025-02-09T17:31:24+00:00\",\"mainEntityOfPage\":{\"@id\":\"https:\/\/asterix.com\/de\/das-neue-asterix-album-erscheint-am-21-oktober-2021\/\"},\"wordCount\":583,\"commentCount\":0,\"image\":{\"@id\":\"https:\/\/asterix.com\/de\/das-neue-asterix-album-erscheint-am-21-oktober-2021\/#primaryimage\"},\"thumbnailUrl\":\"https:\/\/asterix.com\/wp-content\/uploads\/2025\/02\/Das-neue-Asterix-Album-erscheint-am-21.-Oktober-2021.png\",\"articleSection\":[\"Actualit\u00e9s\"],\"inLanguage\":\"de\",\"potentialAction\":[{\"@type\":\"CommentAction\",\"name\":\"Comment\",\"target\":[\"https:\/\/asterix.com\/de\/das-neue-asterix-album-erscheint-am-21-oktober-2021\/#respond\"]}]},{\"@type\":\"WebPage\",\"@id\":\"https:\/\/asterix.com\/de\/das-neue-asterix-album-erscheint-am-21-oktober-2021\/\",\"url\":\"https:\/\/asterix.com\/de\/das-neue-asterix-album-erscheint-am-21-oktober-2021\/\",\"name\":\"Das neue Asterix-Album erscheint am 21. Oktober 2021! - Ast\u00e9rix\",\"isPartOf\":{\"@id\":\"https:\/\/asterix.com\/de\/#website\"},\"primaryImageOfPage\":{\"@id\":\"https:\/\/asterix.com\/de\/das-neue-asterix-album-erscheint-am-21-oktober-2021\/#primaryimage\"},\"image\":{\"@id\":\"https:\/\/asterix.com\/de\/das-neue-asterix-album-erscheint-am-21-oktober-2021\/#primaryimage\"},\"thumbnailUrl\":\"https:\/\/asterix.com\/wp-content\/uploads\/2025\/02\/Das-neue-Asterix-Album-erscheint-am-21.-Oktober-2021.png\",\"datePublished\":\"2021-01-04T17:24:16+00:00\",\"dateModified\":\"2025-02-09T17:31:24+00:00\",\"author\":{\"@id\":\"https:\/\/asterix.com\/de\/#\/schema\/person\/508b5c1e849e58e5f625b10f47edc62e\"},\"breadcrumb\":{\"@id\":\"https:\/\/asterix.com\/de\/das-neue-asterix-album-erscheint-am-21-oktober-2021\/#breadcrumb\"},\"inLanguage\":\"de\",\"potentialAction\":[{\"@type\":\"ReadAction\",\"target\":[\"https:\/\/asterix.com\/de\/das-neue-asterix-album-erscheint-am-21-oktober-2021\/\"]}]},{\"@type\":\"ImageObject\",\"inLanguage\":\"de\",\"@id\":\"https:\/\/asterix.com\/de\/das-neue-asterix-album-erscheint-am-21-oktober-2021\/#primaryimage\",\"url\":\"https:\/\/asterix.com\/wp-content\/uploads\/2025\/02\/Das-neue-Asterix-Album-erscheint-am-21.-Oktober-2021.png\",\"contentUrl\":\"https:\/\/asterix.com\/wp-content\/uploads\/2025\/02\/Das-neue-Asterix-Album-erscheint-am-21.-Oktober-2021.png\",\"width\":650,\"height\":372,\"caption\":\"Das neue Asterix-Album erscheint am 21. Oktober 2021!\"},{\"@type\":\"BreadcrumbList\",\"@id\":\"https:\/\/asterix.com\/de\/das-neue-asterix-album-erscheint-am-21-oktober-2021\/#breadcrumb\",\"itemListElement\":[{\"@type\":\"ListItem\",\"position\":1,\"name\":\"Accueil\",\"item\":\"https:\/\/asterix.com\/de\/\"},{\"@type\":\"ListItem\",\"position\":2,\"name\":\"Das neue Asterix-Album erscheint am 21. Oktober 2021!\"}]},{\"@type\":\"WebSite\",\"@id\":\"https:\/\/asterix.com\/de\/#website\",\"url\":\"https:\/\/asterix.com\/de\/\",\"name\":\"Ast\u00e9rix\",\"description\":\"Le site officiel\",\"potentialAction\":[{\"@type\":\"SearchAction\",\"target\":{\"@type\":\"EntryPoint\",\"urlTemplate\":\"https:\/\/asterix.com\/de\/?s={search_term_string}\"},\"query-input\":{\"@type\":\"PropertyValueSpecification\",\"valueRequired\":true,\"valueName\":\"search_term_string\"}}],\"inLanguage\":\"de\"},{\"@type\":\"Person\",\"@id\":\"https:\/\/asterix.com\/de\/#\/schema\/person\/508b5c1e849e58e5f625b10f47edc62e\",\"name\":\"admin7996\",\"sameAs\":[\"http:\/\/asterix.com\"],\"url\":\"https:\/\/asterix.com\/de\/author\/admin7996\/\"}]}<\/script>\n<!-- \/ Yoast SEO plugin. -->","yoast_head_json":{"title":"Das neue Asterix-Album erscheint am 21. Oktober 2021! - Ast\u00e9rix","robots":{"index":"index","follow":"follow","max-snippet":"max-snippet:-1","max-image-preview":"max-image-preview:large","max-video-preview":"max-video-preview:-1"},"canonical":"https:\/\/asterix.com\/de\/das-neue-asterix-album-erscheint-am-21-oktober-2021\/","og_locale":"de_DE","og_type":"article","og_title":"Das neue Asterix-Album erscheint am 21. Oktober 2021! - Ast\u00e9rix","og_description":"Das neue Werk des Erfolgsduos Jean-Yves Ferri und Didier Conrad ist bald da! Sie sind w\u00e4hrend des Lockdowns sehr flei\u00dfig gewesen und haben uns einen Zaubertrank f\u00fcr unersch\u00fctterliche gute Laune gebraut ... ein neues Asterix-Album! Ab 21. Oktober 2021 im Handel in aller Herren L\u00e4nder erh\u00e4ltlich.","og_url":"https:\/\/asterix.com\/de\/das-neue-asterix-album-erscheint-am-21-oktober-2021\/","og_site_name":"Ast\u00e9rix","article_published_time":"2021-01-04T17:24:16+00:00","article_modified_time":"2025-02-09T17:31:24+00:00","og_image":[{"width":650,"height":372,"url":"https:\/\/asterix.com\/wp-content\/uploads\/2025\/02\/Das-neue-Asterix-Album-erscheint-am-21.-Oktober-2021.png","type":"image\/png"}],"author":"admin7996","twitter_card":"summary_large_image","twitter_misc":{"Verfasst von":"admin7996","Gesch\u00e4tzte Lesezeit":"3\u00a0Minuten"},"schema":{"@context":"https:\/\/schema.org","@graph":[{"@type":"Article","@id":"https:\/\/asterix.com\/de\/das-neue-asterix-album-erscheint-am-21-oktober-2021\/#article","isPartOf":{"@id":"https:\/\/asterix.com\/de\/das-neue-asterix-album-erscheint-am-21-oktober-2021\/"},"author":{"name":"admin7996","@id":"https:\/\/asterix.com\/de\/#\/schema\/person\/508b5c1e849e58e5f625b10f47edc62e"},"headline":"Das neue Asterix-Album erscheint am 21. Oktober 2021!","datePublished":"2021-01-04T17:24:16+00:00","dateModified":"2025-02-09T17:31:24+00:00","mainEntityOfPage":{"@id":"https:\/\/asterix.com\/de\/das-neue-asterix-album-erscheint-am-21-oktober-2021\/"},"wordCount":583,"commentCount":0,"image":{"@id":"https:\/\/asterix.com\/de\/das-neue-asterix-album-erscheint-am-21-oktober-2021\/#primaryimage"},"thumbnailUrl":"https:\/\/asterix.com\/wp-content\/uploads\/2025\/02\/Das-neue-Asterix-Album-erscheint-am-21.-Oktober-2021.png","articleSection":["Actualit\u00e9s"],"inLanguage":"de","potentialAction":[{"@type":"CommentAction","name":"Comment","target":["https:\/\/asterix.com\/de\/das-neue-asterix-album-erscheint-am-21-oktober-2021\/#respond"]}]},{"@type":"WebPage","@id":"https:\/\/asterix.com\/de\/das-neue-asterix-album-erscheint-am-21-oktober-2021\/","url":"https:\/\/asterix.com\/de\/das-neue-asterix-album-erscheint-am-21-oktober-2021\/","name":"Das neue Asterix-Album erscheint am 21. Oktober 2021! - Ast\u00e9rix","isPartOf":{"@id":"https:\/\/asterix.com\/de\/#website"},"primaryImageOfPage":{"@id":"https:\/\/asterix.com\/de\/das-neue-asterix-album-erscheint-am-21-oktober-2021\/#primaryimage"},"image":{"@id":"https:\/\/asterix.com\/de\/das-neue-asterix-album-erscheint-am-21-oktober-2021\/#primaryimage"},"thumbnailUrl":"https:\/\/asterix.com\/wp-content\/uploads\/2025\/02\/Das-neue-Asterix-Album-erscheint-am-21.-Oktober-2021.png","datePublished":"2021-01-04T17:24:16+00:00","dateModified":"2025-02-09T17:31:24+00:00","author":{"@id":"https:\/\/asterix.com\/de\/#\/schema\/person\/508b5c1e849e58e5f625b10f47edc62e"},"breadcrumb":{"@id":"https:\/\/asterix.com\/de\/das-neue-asterix-album-erscheint-am-21-oktober-2021\/#breadcrumb"},"inLanguage":"de","potentialAction":[{"@type":"ReadAction","target":["https:\/\/asterix.com\/de\/das-neue-asterix-album-erscheint-am-21-oktober-2021\/"]}]},{"@type":"ImageObject","inLanguage":"de","@id":"https:\/\/asterix.com\/de\/das-neue-asterix-album-erscheint-am-21-oktober-2021\/#primaryimage","url":"https:\/\/asterix.com\/wp-content\/uploads\/2025\/02\/Das-neue-Asterix-Album-erscheint-am-21.-Oktober-2021.png","contentUrl":"https:\/\/asterix.com\/wp-content\/uploads\/2025\/02\/Das-neue-Asterix-Album-erscheint-am-21.-Oktober-2021.png","width":650,"height":372,"caption":"Das neue Asterix-Album erscheint am 21. Oktober 2021!"},{"@type":"BreadcrumbList","@id":"https:\/\/asterix.com\/de\/das-neue-asterix-album-erscheint-am-21-oktober-2021\/#breadcrumb","itemListElement":[{"@type":"ListItem","position":1,"name":"Accueil","item":"https:\/\/asterix.com\/de\/"},{"@type":"ListItem","position":2,"name":"Das neue Asterix-Album erscheint am 21. Oktober 2021!"}]},{"@type":"WebSite","@id":"https:\/\/asterix.com\/de\/#website","url":"https:\/\/asterix.com\/de\/","name":"Ast\u00e9rix","description":"Le site officiel","potentialAction":[{"@type":"SearchAction","target":{"@type":"EntryPoint","urlTemplate":"https:\/\/asterix.com\/de\/?s={search_term_string}"},"query-input":{"@type":"PropertyValueSpecification","valueRequired":true,"valueName":"search_term_string"}}],"inLanguage":"de"},{"@type":"Person","@id":"https:\/\/asterix.com\/de\/#\/schema\/person\/508b5c1e849e58e5f625b10f47edc62e","name":"admin7996","sameAs":["http:\/\/asterix.com"],"url":"https:\/\/asterix.com\/de\/author\/admin7996\/"}]}},"_links":{"self":[{"href":"https:\/\/asterix.com\/de\/wp-json\/wp\/v2\/posts\/40896","targetHints":{"allow":["GET"]}}],"collection":[{"href":"https:\/\/asterix.com\/de\/wp-json\/wp\/v2\/posts"}],"about":[{"href":"https:\/\/asterix.com\/de\/wp-json\/wp\/v2\/types\/post"}],"author":[{"embeddable":true,"href":"https:\/\/asterix.com\/de\/wp-json\/wp\/v2\/users\/1"}],"replies":[{"embeddable":true,"href":"https:\/\/asterix.com\/de\/wp-json\/wp\/v2\/comments?post=40896"}],"version-history":[{"count":2,"href":"https:\/\/asterix.com\/de\/wp-json\/wp\/v2\/posts\/40896\/revisions"}],"predecessor-version":[{"id":40905,"href":"https:\/\/asterix.com\/de\/wp-json\/wp\/v2\/posts\/40896\/revisions\/40905"}],"wp:featuredmedia":[{"embeddable":true,"href":"https:\/\/asterix.com\/de\/wp-json\/wp\/v2\/media\/40888"}],"wp:attachment":[{"href":"https:\/\/asterix.com\/de\/wp-json\/wp\/v2\/media?parent=40896"}],"wp:term":[{"taxonomy":"category","embeddable":true,"href":"https:\/\/asterix.com\/de\/wp-json\/wp\/v2\/categories?post=40896"},{"taxonomy":"post_tag","embeddable":true,"href":"https:\/\/asterix.com\/de\/wp-json\/wp\/v2\/tags?post=40896"}],"curies":[{"name":"wp","href":"https:\/\/api.w.org\/{rel}","templated":true}]}}