{"id":40897,"date":"2021-01-04T18:24:16","date_gmt":"2021-01-04T17:24:16","guid":{"rendered":"https:\/\/asterix.com\/le-nouvel-album-dasterix-sortira-le-21-octobre-2021\/"},"modified":"2025-02-09T18:34:24","modified_gmt":"2025-02-09T17:34:24","slug":"el-nuevo-album-de-asterix-estara-a-la-venta-el-21-de-octubre-de-2021","status":"publish","type":"post","link":"https:\/\/asterix.com\/es\/el-nuevo-album-de-asterix-estara-a-la-venta-el-21-de-octubre-de-2021\/","title":{"rendered":"\u00a1El nuevo \u00e1lbum de Ast\u00e9rix estar\u00e1 a la venta el 21 de octubre de 2021!"},"content":{"rendered":"<div class=\"wpb-content-wrapper\"><p>[vc_row css_animation=\u00bb\u00bb row_type=\u00bbrow\u00bb use_row_as_full_screen_section=\u00bbno\u00bb type=\u00bbfull_width\u00bb angled_section=\u00bbno\u00bb text_align=\u00bbleft\u00bb background_image_as_pattern=\u00bbwithout_pattern\u00bb][vc_column][vc_column_text css=\u00bb\u00bb]<\/p>\n<div class=\"fusion-layout-column fusion_builder_column fusion-builder-column-0 fusion_builder_column_1_1 1_1 fusion-flex-column\">\n<div class=\"fusion-column-wrapper fusion-column-has-shadow fusion-flex-justify-content-flex-start fusion-content-layout-column\">\n<div class=\"fusion-text fusion-text-1\">\n<div class=\"fusion-layout-column fusion_builder_column fusion-builder-column-0 fusion_builder_column_1_3 1_3 fusion-one-third fusion-column-first\">\n<div class=\"fusion-column-wrapper fusion-flex-column-wrapper-legacy\">\n<div class=\"fusion-text fusion-text-1\">\n<div class=\"fusion-layout-column fusion_builder_column fusion-builder-column-0 fusion_builder_column_1_3 1_3 fusion-one-third fusion-column-first\">\n<div class=\"fusion-column-wrapper fusion-flex-column-wrapper-legacy\">\n<div class=\"fusion-text fusion-text-1\">\n<p>\u00a1Vuelven Jean-Yves Ferri y Didier Conrad, los dos c\u00f3mplices! Gracias a un confinamiento muy bien aprovechado, en oto\u00f1o nos ofrecer\u00e1n una poci\u00f3n revigorizante:\u00a0<b>\u00a1un nuevo \u00e1lbum de\u00a0<i>Ast\u00e9rix\u00a0<\/i>que llegar\u00e1 el 21 de octubre de 2021\u00a0<\/b>a todas las librer\u00edas de la Galia y el mundo conocido!<\/p>\n<\/div>\n<\/div>\n<\/div>\n<\/div>\n<\/div>\n<\/div>\n<\/div>\n<\/div>\n<\/div>\n<p>[\/vc_column_text][vc_empty_space][\/vc_column][\/vc_row][vc_row css_animation=\u00bb\u00bb row_type=\u00bbrow\u00bb use_row_as_full_screen_section=\u00bbno\u00bb type=\u00bbfull_width\u00bb angled_section=\u00bbno\u00bb text_align=\u00bbleft\u00bb background_image_as_pattern=\u00bbwithout_pattern\u00bb][vc_column width=\u00bb1\/2&#8243;][vc_single_image image=\u00bb40870&#8243; img_size=\u00bbfull\u00bb alignment=\u00bbcenter\u00bb css=\u00bb\u00bb qode_css_animation=\u00bb\u00bb][vc_empty_space][\/vc_column][vc_column width=\u00bb1\/2&#8243;][vc_column_text css=\u00bb\u00bb]<\/p>\n<div class=\"post-content\">\n<div class=\"fusion-fullwidth fullwidth-box fusion-builder-row-1 fusion-flex-container has-pattern-background has-mask-background nonhundred-percent-fullwidth non-hundred-percent-height-scrolling\">\n<div class=\"fusion-builder-row fusion-row fusion-flex-align-items-flex-start\">\n<div class=\"fusion-layout-column fusion_builder_column fusion-builder-column-5 fusion_builder_column_2_3 2_3 fusion-flex-column\">\n<div class=\"fusion-column-wrapper fusion-column-has-shadow fusion-flex-justify-content-flex-start fusion-content-layout-column\">\n<div class=\"fusion-text fusion-text-6\">\n<div class=\"fusion-layout-column fusion_builder_column fusion-builder-column-2 fusion_builder_column_1_1 1_1 fusion-one-full fusion-column-first fusion-column-last\">\n<div class=\"fusion-column-wrapper fusion-flex-column-wrapper-legacy\">\n<div class=\"fusion-text fusion-text-2\">\n<h3 class=\"nohyp fusion-responsive-typography-calculated\" data-fontsize=\"20\" data-lineheight=\"30px\">\u00a1Un nuevo y gran viaje para Ast\u00e9rix!<\/h3>\n<\/div>\n<\/div>\n<p>&nbsp;<\/p>\n<\/div>\n<div class=\"fusion-layout-column fusion_builder_column fusion-builder-column-4 fusion_builder_column_2_3 2_3 fusion-two-third fusion-column-last\">\n<div class=\"fusion-column-wrapper fusion-flex-column-wrapper-legacy\">\n<div class=\"fusion-text fusion-text-3\">\n<p>Tras\u00a0<i>Ast\u00e9rix y los pictos<\/i>\u00a0(2013),\u00a0<i>El papiro del C\u00e9sar<\/i>\u00a0(2015),\u00a0<i>Ast\u00e9rix en Italia<\/i>\u00a0(2017) y\u00a0<i>La hija de Vercing\u00e9torix<\/i>\u00a0(2019), el d\u00fao formado por Jean-Yves Ferri (guion) y Didier Conrad (dibujos) afina su quinta colaboraci\u00f3n y contin\u00faa la serie creada hace ya m\u00e1s de sesenta a\u00f1os por los inolvidables Ren\u00e9 Goscinny y Albert Uderzo.<\/p>\n<p>&nbsp;<\/p>\n<p>\u00a1Adem\u00e1s, desde ahora mismo, Jean-Yves Ferri y Didier Conrad nos ofrecen una<b>\u00a0plancha in\u00e9dita\u00a0<\/b>a modo de aperitivo antes del gran banquete que nos espera en octubre!<\/p>\n<\/div>\n<\/div>\n<\/div>\n<\/div>\n<\/div>\n<\/div>\n<\/div>\n<\/div>\n<\/div>\n<p>[\/vc_column_text][vc_empty_space][\/vc_column][\/vc_row][vc_row css_animation=\u00bb\u00bb row_type=\u00bbrow\u00bb use_row_as_full_screen_section=\u00bbno\u00bb type=\u00bbfull_width\u00bb angled_section=\u00bbno\u00bb text_align=\u00bbleft\u00bb background_image_as_pattern=\u00bbwithout_pattern\u00bb][vc_column][vc_empty_space][vc_column_text css=\u00bb\u00bb]<\/p>\n<div class=\"post-content\">\n<div class=\"fusion-fullwidth fullwidth-box fusion-builder-row-1 fusion-flex-container has-pattern-background has-mask-background nonhundred-percent-fullwidth non-hundred-percent-height-scrolling\">\n<div class=\"fusion-builder-row fusion-row fusion-flex-align-items-flex-start\">\n<div class=\"fusion-layout-column fusion_builder_column fusion-builder-column-5 fusion_builder_column_2_3 2_3 fusion-flex-column\">\n<div class=\"fusion-column-wrapper fusion-column-has-shadow fusion-flex-justify-content-flex-start fusion-content-layout-column\">\n<div class=\"fusion-text fusion-text-6\">\n<div class=\"fusion-layout-column fusion_builder_column fusion-builder-column-5 fusion_builder_column_1_1 1_1 fusion-one-full fusion-column-first fusion-column-last\">\n<div class=\"fusion-column-wrapper fusion-flex-column-wrapper-legacy\">\n<div class=\"fusion-text fusion-text-4\">\n<p>Como manda la tradici\u00f3n (\u00a1la alternancia obliga!), en esta nueva aventura nuestros amigos se preparan para realizar un nuevo viaje: as\u00ed nos lo confirma el druida. Analicemos con lupa la misteriosa plancha de Ferri y Conrad: mientras se disputa una partida de ajedrez galo, Panor\u00e1mix, que se ha quedado medio dormido, se despierta gritando<img loading=\"lazy\" decoding=\"async\" class=\"alignnone size-full wp-image-40893\" src=\"https:\/\/asterix.com\/wp-content\/uploads\/2025\/02\/Biiip.png\" alt=\"Biiip\" width=\"146\" height=\"21\" \/>\u00a0\u00bfQui\u00e9n ha alterado as\u00ed su sue\u00f1o y por qu\u00e9 la urgencia de ir a ayudar a un misterioso personaje?!<\/p>\n<p>&nbsp;<\/p>\n<p>He aqu\u00ed, pues, los dos grandes enigmas que nos trae el a\u00f1o nuevo: \u00bfad\u00f3nde viajar\u00e1n nuestros amigos? Y, sobre todo, \u00bfqui\u00e9n ser\u00e1 ese personaje que se llama<img loading=\"lazy\" decoding=\"async\" class=\"alignnone size-full wp-image-40893\" src=\"https:\/\/asterix.com\/wp-content\/uploads\/2025\/02\/Biiip.png\" alt=\"Biiip\" width=\"146\" height=\"21\" \/>?<\/p>\n<\/div>\n<\/div>\n<\/div>\n<\/div>\n<\/div>\n<\/div>\n<\/div>\n<\/div>\n<\/div>\n<p>[\/vc_column_text][vc_empty_space][\/vc_column][\/vc_row][vc_row css_animation=\u00bb\u00bb row_type=\u00bbrow\u00bb use_row_as_full_screen_section=\u00bbno\u00bb type=\u00bbfull_width\u00bb angled_section=\u00bbno\u00bb text_align=\u00bbleft\u00bb background_image_as_pattern=\u00bbwithout_pattern\u00bb][vc_column width=\u00bb1\/2&#8243;][vc_column_text css=\u00bb\u00bb]<\/p>\n<div class=\"post-content\">\n<div class=\"fusion-fullwidth fullwidth-box fusion-builder-row-1 fusion-flex-container has-pattern-background has-mask-background nonhundred-percent-fullwidth non-hundred-percent-height-scrolling\">\n<div class=\"fusion-builder-row fusion-row fusion-flex-align-items-flex-start\">\n<div class=\"fusion-layout-column fusion_builder_column fusion-builder-column-5 fusion_builder_column_2_3 2_3 fusion-flex-column\">\n<div class=\"fusion-column-wrapper fusion-column-has-shadow fusion-flex-justify-content-flex-start fusion-content-layout-column\">\n<div class=\"fusion-text fusion-text-6\">\n<div class=\"fusion-layout-column fusion_builder_column fusion-builder-column-6 fusion_builder_column_2_3 2_3 fusion-two-third fusion-column-first\">\n<div class=\"fusion-column-wrapper fusion-flex-column-wrapper-legacy\">\n<div class=\"fusion-text fusion-text-5\">\n<div class=\"fusion-layout-column fusion_builder_column fusion-builder-column-6 fusion_builder_column_2_3 2_3 fusion-two-third fusion-column-first\">\n<div class=\"fusion-column-wrapper fusion-flex-column-wrapper-legacy\">\n<div class=\"fusion-text fusion-text-5\">\n<p><b>Preguntemos a nuestros queridos autores que, en una muestra de generosidad, nos den m\u00e1s pistas sobre el destino:<\/b><\/p>\n<p>&nbsp;<\/p>\n<p><i>\u00abAntes incluso de empezar a trabajar en el \u00e1lbum ya hab\u00eda pensado en hacer viajar a nuestros irreductibles a esa tierra que\u2026 Ay, perd\u00f3n, que tengo una llamada a tres\u00bb<\/i><\/p>\n<p>Jean-Yves Ferri<\/p>\n<p>&nbsp;<\/p>\n<p><i>\u00abPero, vamos a ver, \u00a1es obvio! Fijaos bien en los detalles. \u00a1Observad el dibujo y pensad un poco! Salta a la vista, \u00bfno?\u00bb<\/i><\/p>\n<p>Didier Conrad<\/p>\n<p>&nbsp;<\/p>\n<p>Con toda esta informaci\u00f3n, \u00a1hagan sus apuestas, se\u00f1ores!<\/p>\n<p>&nbsp;<\/p>\n<p><b>\u00a1Y nos vemos el 21 de octubre de 2021!<\/b><\/p>\n<\/div>\n<\/div>\n<\/div>\n<\/div>\n<\/div>\n<\/div>\n<\/div>\n<\/div>\n<\/div>\n<\/div>\n<\/div>\n<\/div>\n<p>[\/vc_column_text][vc_empty_space][\/vc_column][vc_column width=\u00bb1\/2&#8243;][vc_single_image image=\u00bb40874&#8243; img_size=\u00bbfull\u00bb alignment=\u00bbcenter\u00bb css=\u00bb\u00bb qode_css_animation=\u00bb\u00bb][\/vc_column][\/vc_row]<\/p>\n<\/div>","protected":false},"excerpt":{"rendered":"<p>\u00a1Vuelven Jean-Yves Ferri y Didier Conrad, los dos c\u00f3mplices! Gracias a un confinamiento muy bien aprovechado, en oto\u00f1o nos ofrecer\u00e1n una poci\u00f3n revigorizante: \u00a1un nuevo \u00e1lbum de Ast\u00e9rix que llegar\u00e1 el 21 de octubre de 2021 a todas las librer\u00edas de la Galia y el mundo conocido!<\/p>\n","protected":false},"author":1,"featured_media":40869,"comment_status":"open","ping_status":"open","sticky":false,"template":"","format":"standard","meta":{"_acf_changed":false,"footnotes":"","_wp_rev_ctl_limit":""},"categories":[1202],"tags":[],"class_list":["post-40897","post","type-post","status-publish","format-standard","has-post-thumbnail","hentry","category-actualites-es"],"acf":[],"yoast_head":"<!-- This site is optimized with the Yoast SEO plugin v26.7 - https:\/\/yoast.com\/wordpress\/plugins\/seo\/ -->\n<title>\u00a1El nuevo \u00e1lbum de Ast\u00e9rix estar\u00e1 a la venta el 21 de octubre de 2021! - Ast\u00e9rix<\/title>\n<meta name=\"robots\" content=\"index, follow, max-snippet:-1, max-image-preview:large, max-video-preview:-1\" \/>\n<link rel=\"canonical\" href=\"https:\/\/asterix.com\/es\/el-nuevo-album-de-asterix-estara-a-la-venta-el-21-de-octubre-de-2021\/\" \/>\n<meta property=\"og:locale\" content=\"es_ES\" \/>\n<meta property=\"og:type\" content=\"article\" \/>\n<meta property=\"og:title\" content=\"\u00a1El nuevo \u00e1lbum de Ast\u00e9rix estar\u00e1 a la venta el 21 de octubre de 2021! - Ast\u00e9rix\" \/>\n<meta property=\"og:description\" content=\"\u00a1Vuelven Jean-Yves Ferri y Didier Conrad, los dos c\u00f3mplices! Gracias a un confinamiento muy bien aprovechado, en oto\u00f1o nos ofrecer\u00e1n una poci\u00f3n revigorizante: \u00a1un nuevo \u00e1lbum de Ast\u00e9rix que llegar\u00e1 el 21 de octubre de 2021 a todas las librer\u00edas de la Galia y el mundo conocido!\" \/>\n<meta property=\"og:url\" content=\"https:\/\/asterix.com\/es\/el-nuevo-album-de-asterix-estara-a-la-venta-el-21-de-octubre-de-2021\/\" \/>\n<meta property=\"og:site_name\" content=\"Ast\u00e9rix\" \/>\n<meta property=\"article:published_time\" content=\"2021-01-04T17:24:16+00:00\" \/>\n<meta property=\"article:modified_time\" content=\"2025-02-09T17:34:24+00:00\" \/>\n<meta property=\"og:image\" content=\"https:\/\/asterix.com\/wp-content\/uploads\/2025\/02\/El-nuevo-album-de-Asterix-estara-a-la-venta-el-21-de-octubre-de-2021.png\" \/>\n\t<meta property=\"og:image:width\" content=\"650\" \/>\n\t<meta property=\"og:image:height\" content=\"372\" \/>\n\t<meta property=\"og:image:type\" content=\"image\/png\" \/>\n<meta name=\"author\" content=\"admin7996\" \/>\n<meta name=\"twitter:card\" content=\"summary_large_image\" \/>\n<meta name=\"twitter:label1\" content=\"Escrito por\" \/>\n\t<meta name=\"twitter:data1\" content=\"admin7996\" \/>\n\t<meta name=\"twitter:label2\" content=\"Tiempo de lectura\" \/>\n\t<meta name=\"twitter:data2\" content=\"3 minutos\" \/>\n<script type=\"application\/ld+json\" class=\"yoast-schema-graph\">{\"@context\":\"https:\/\/schema.org\",\"@graph\":[{\"@type\":\"Article\",\"@id\":\"https:\/\/asterix.com\/es\/el-nuevo-album-de-asterix-estara-a-la-venta-el-21-de-octubre-de-2021\/#article\",\"isPartOf\":{\"@id\":\"https:\/\/asterix.com\/es\/el-nuevo-album-de-asterix-estara-a-la-venta-el-21-de-octubre-de-2021\/\"},\"author\":{\"name\":\"admin7996\",\"@id\":\"https:\/\/asterix.com\/es\/#\/schema\/person\/508b5c1e849e58e5f625b10f47edc62e\"},\"headline\":\"\u00a1El nuevo \u00e1lbum de Ast\u00e9rix estar\u00e1 a la venta el 21 de octubre de 2021!\",\"datePublished\":\"2021-01-04T17:24:16+00:00\",\"dateModified\":\"2025-02-09T17:34:24+00:00\",\"mainEntityOfPage\":{\"@id\":\"https:\/\/asterix.com\/es\/el-nuevo-album-de-asterix-estara-a-la-venta-el-21-de-octubre-de-2021\/\"},\"wordCount\":596,\"commentCount\":0,\"image\":{\"@id\":\"https:\/\/asterix.com\/es\/el-nuevo-album-de-asterix-estara-a-la-venta-el-21-de-octubre-de-2021\/#primaryimage\"},\"thumbnailUrl\":\"https:\/\/asterix.com\/wp-content\/uploads\/2025\/02\/El-nuevo-album-de-Asterix-estara-a-la-venta-el-21-de-octubre-de-2021.png\",\"articleSection\":[\"Actualit\u00e9s\"],\"inLanguage\":\"es\",\"potentialAction\":[{\"@type\":\"CommentAction\",\"name\":\"Comment\",\"target\":[\"https:\/\/asterix.com\/es\/el-nuevo-album-de-asterix-estara-a-la-venta-el-21-de-octubre-de-2021\/#respond\"]}]},{\"@type\":\"WebPage\",\"@id\":\"https:\/\/asterix.com\/es\/el-nuevo-album-de-asterix-estara-a-la-venta-el-21-de-octubre-de-2021\/\",\"url\":\"https:\/\/asterix.com\/es\/el-nuevo-album-de-asterix-estara-a-la-venta-el-21-de-octubre-de-2021\/\",\"name\":\"\u00a1El nuevo \u00e1lbum de Ast\u00e9rix estar\u00e1 a la venta el 21 de octubre de 2021! - Ast\u00e9rix\",\"isPartOf\":{\"@id\":\"https:\/\/asterix.com\/es\/#website\"},\"primaryImageOfPage\":{\"@id\":\"https:\/\/asterix.com\/es\/el-nuevo-album-de-asterix-estara-a-la-venta-el-21-de-octubre-de-2021\/#primaryimage\"},\"image\":{\"@id\":\"https:\/\/asterix.com\/es\/el-nuevo-album-de-asterix-estara-a-la-venta-el-21-de-octubre-de-2021\/#primaryimage\"},\"thumbnailUrl\":\"https:\/\/asterix.com\/wp-content\/uploads\/2025\/02\/El-nuevo-album-de-Asterix-estara-a-la-venta-el-21-de-octubre-de-2021.png\",\"datePublished\":\"2021-01-04T17:24:16+00:00\",\"dateModified\":\"2025-02-09T17:34:24+00:00\",\"author\":{\"@id\":\"https:\/\/asterix.com\/es\/#\/schema\/person\/508b5c1e849e58e5f625b10f47edc62e\"},\"breadcrumb\":{\"@id\":\"https:\/\/asterix.com\/es\/el-nuevo-album-de-asterix-estara-a-la-venta-el-21-de-octubre-de-2021\/#breadcrumb\"},\"inLanguage\":\"es\",\"potentialAction\":[{\"@type\":\"ReadAction\",\"target\":[\"https:\/\/asterix.com\/es\/el-nuevo-album-de-asterix-estara-a-la-venta-el-21-de-octubre-de-2021\/\"]}]},{\"@type\":\"ImageObject\",\"inLanguage\":\"es\",\"@id\":\"https:\/\/asterix.com\/es\/el-nuevo-album-de-asterix-estara-a-la-venta-el-21-de-octubre-de-2021\/#primaryimage\",\"url\":\"https:\/\/asterix.com\/wp-content\/uploads\/2025\/02\/El-nuevo-album-de-Asterix-estara-a-la-venta-el-21-de-octubre-de-2021.png\",\"contentUrl\":\"https:\/\/asterix.com\/wp-content\/uploads\/2025\/02\/El-nuevo-album-de-Asterix-estara-a-la-venta-el-21-de-octubre-de-2021.png\",\"width\":650,\"height\":372,\"caption\":\"\u00a1El nuevo \u00e1lbum de Ast\u00e9rix estar\u00e1 a la venta el 21 de octubre de 2021!\"},{\"@type\":\"BreadcrumbList\",\"@id\":\"https:\/\/asterix.com\/es\/el-nuevo-album-de-asterix-estara-a-la-venta-el-21-de-octubre-de-2021\/#breadcrumb\",\"itemListElement\":[{\"@type\":\"ListItem\",\"position\":1,\"name\":\"Accueil\",\"item\":\"https:\/\/asterix.com\/es\/\"},{\"@type\":\"ListItem\",\"position\":2,\"name\":\"\u00a1El nuevo \u00e1lbum de Ast\u00e9rix estar\u00e1 a la venta el 21 de octubre de 2021!\"}]},{\"@type\":\"WebSite\",\"@id\":\"https:\/\/asterix.com\/es\/#website\",\"url\":\"https:\/\/asterix.com\/es\/\",\"name\":\"Ast\u00e9rix\",\"description\":\"Le site officiel\",\"potentialAction\":[{\"@type\":\"SearchAction\",\"target\":{\"@type\":\"EntryPoint\",\"urlTemplate\":\"https:\/\/asterix.com\/es\/?s={search_term_string}\"},\"query-input\":{\"@type\":\"PropertyValueSpecification\",\"valueRequired\":true,\"valueName\":\"search_term_string\"}}],\"inLanguage\":\"es\"},{\"@type\":\"Person\",\"@id\":\"https:\/\/asterix.com\/es\/#\/schema\/person\/508b5c1e849e58e5f625b10f47edc62e\",\"name\":\"admin7996\",\"sameAs\":[\"http:\/\/asterix.com\"],\"url\":\"https:\/\/asterix.com\/es\/author\/admin7996\/\"}]}<\/script>\n<!-- \/ Yoast SEO plugin. -->","yoast_head_json":{"title":"\u00a1El nuevo \u00e1lbum de Ast\u00e9rix estar\u00e1 a la venta el 21 de octubre de 2021! - Ast\u00e9rix","robots":{"index":"index","follow":"follow","max-snippet":"max-snippet:-1","max-image-preview":"max-image-preview:large","max-video-preview":"max-video-preview:-1"},"canonical":"https:\/\/asterix.com\/es\/el-nuevo-album-de-asterix-estara-a-la-venta-el-21-de-octubre-de-2021\/","og_locale":"es_ES","og_type":"article","og_title":"\u00a1El nuevo \u00e1lbum de Ast\u00e9rix estar\u00e1 a la venta el 21 de octubre de 2021! - Ast\u00e9rix","og_description":"\u00a1Vuelven Jean-Yves Ferri y Didier Conrad, los dos c\u00f3mplices! Gracias a un confinamiento muy bien aprovechado, en oto\u00f1o nos ofrecer\u00e1n una poci\u00f3n revigorizante: \u00a1un nuevo \u00e1lbum de Ast\u00e9rix que llegar\u00e1 el 21 de octubre de 2021 a todas las librer\u00edas de la Galia y el mundo conocido!","og_url":"https:\/\/asterix.com\/es\/el-nuevo-album-de-asterix-estara-a-la-venta-el-21-de-octubre-de-2021\/","og_site_name":"Ast\u00e9rix","article_published_time":"2021-01-04T17:24:16+00:00","article_modified_time":"2025-02-09T17:34:24+00:00","og_image":[{"width":650,"height":372,"url":"https:\/\/asterix.com\/wp-content\/uploads\/2025\/02\/El-nuevo-album-de-Asterix-estara-a-la-venta-el-21-de-octubre-de-2021.png","type":"image\/png"}],"author":"admin7996","twitter_card":"summary_large_image","twitter_misc":{"Escrito por":"admin7996","Tiempo de lectura":"3 minutos"},"schema":{"@context":"https:\/\/schema.org","@graph":[{"@type":"Article","@id":"https:\/\/asterix.com\/es\/el-nuevo-album-de-asterix-estara-a-la-venta-el-21-de-octubre-de-2021\/#article","isPartOf":{"@id":"https:\/\/asterix.com\/es\/el-nuevo-album-de-asterix-estara-a-la-venta-el-21-de-octubre-de-2021\/"},"author":{"name":"admin7996","@id":"https:\/\/asterix.com\/es\/#\/schema\/person\/508b5c1e849e58e5f625b10f47edc62e"},"headline":"\u00a1El nuevo \u00e1lbum de Ast\u00e9rix estar\u00e1 a la venta el 21 de octubre de 2021!","datePublished":"2021-01-04T17:24:16+00:00","dateModified":"2025-02-09T17:34:24+00:00","mainEntityOfPage":{"@id":"https:\/\/asterix.com\/es\/el-nuevo-album-de-asterix-estara-a-la-venta-el-21-de-octubre-de-2021\/"},"wordCount":596,"commentCount":0,"image":{"@id":"https:\/\/asterix.com\/es\/el-nuevo-album-de-asterix-estara-a-la-venta-el-21-de-octubre-de-2021\/#primaryimage"},"thumbnailUrl":"https:\/\/asterix.com\/wp-content\/uploads\/2025\/02\/El-nuevo-album-de-Asterix-estara-a-la-venta-el-21-de-octubre-de-2021.png","articleSection":["Actualit\u00e9s"],"inLanguage":"es","potentialAction":[{"@type":"CommentAction","name":"Comment","target":["https:\/\/asterix.com\/es\/el-nuevo-album-de-asterix-estara-a-la-venta-el-21-de-octubre-de-2021\/#respond"]}]},{"@type":"WebPage","@id":"https:\/\/asterix.com\/es\/el-nuevo-album-de-asterix-estara-a-la-venta-el-21-de-octubre-de-2021\/","url":"https:\/\/asterix.com\/es\/el-nuevo-album-de-asterix-estara-a-la-venta-el-21-de-octubre-de-2021\/","name":"\u00a1El nuevo \u00e1lbum de Ast\u00e9rix estar\u00e1 a la venta el 21 de octubre de 2021! - Ast\u00e9rix","isPartOf":{"@id":"https:\/\/asterix.com\/es\/#website"},"primaryImageOfPage":{"@id":"https:\/\/asterix.com\/es\/el-nuevo-album-de-asterix-estara-a-la-venta-el-21-de-octubre-de-2021\/#primaryimage"},"image":{"@id":"https:\/\/asterix.com\/es\/el-nuevo-album-de-asterix-estara-a-la-venta-el-21-de-octubre-de-2021\/#primaryimage"},"thumbnailUrl":"https:\/\/asterix.com\/wp-content\/uploads\/2025\/02\/El-nuevo-album-de-Asterix-estara-a-la-venta-el-21-de-octubre-de-2021.png","datePublished":"2021-01-04T17:24:16+00:00","dateModified":"2025-02-09T17:34:24+00:00","author":{"@id":"https:\/\/asterix.com\/es\/#\/schema\/person\/508b5c1e849e58e5f625b10f47edc62e"},"breadcrumb":{"@id":"https:\/\/asterix.com\/es\/el-nuevo-album-de-asterix-estara-a-la-venta-el-21-de-octubre-de-2021\/#breadcrumb"},"inLanguage":"es","potentialAction":[{"@type":"ReadAction","target":["https:\/\/asterix.com\/es\/el-nuevo-album-de-asterix-estara-a-la-venta-el-21-de-octubre-de-2021\/"]}]},{"@type":"ImageObject","inLanguage":"es","@id":"https:\/\/asterix.com\/es\/el-nuevo-album-de-asterix-estara-a-la-venta-el-21-de-octubre-de-2021\/#primaryimage","url":"https:\/\/asterix.com\/wp-content\/uploads\/2025\/02\/El-nuevo-album-de-Asterix-estara-a-la-venta-el-21-de-octubre-de-2021.png","contentUrl":"https:\/\/asterix.com\/wp-content\/uploads\/2025\/02\/El-nuevo-album-de-Asterix-estara-a-la-venta-el-21-de-octubre-de-2021.png","width":650,"height":372,"caption":"\u00a1El nuevo \u00e1lbum de Ast\u00e9rix estar\u00e1 a la venta el 21 de octubre de 2021!"},{"@type":"BreadcrumbList","@id":"https:\/\/asterix.com\/es\/el-nuevo-album-de-asterix-estara-a-la-venta-el-21-de-octubre-de-2021\/#breadcrumb","itemListElement":[{"@type":"ListItem","position":1,"name":"Accueil","item":"https:\/\/asterix.com\/es\/"},{"@type":"ListItem","position":2,"name":"\u00a1El nuevo \u00e1lbum de Ast\u00e9rix estar\u00e1 a la venta el 21 de octubre de 2021!"}]},{"@type":"WebSite","@id":"https:\/\/asterix.com\/es\/#website","url":"https:\/\/asterix.com\/es\/","name":"Ast\u00e9rix","description":"Le site officiel","potentialAction":[{"@type":"SearchAction","target":{"@type":"EntryPoint","urlTemplate":"https:\/\/asterix.com\/es\/?s={search_term_string}"},"query-input":{"@type":"PropertyValueSpecification","valueRequired":true,"valueName":"search_term_string"}}],"inLanguage":"es"},{"@type":"Person","@id":"https:\/\/asterix.com\/es\/#\/schema\/person\/508b5c1e849e58e5f625b10f47edc62e","name":"admin7996","sameAs":["http:\/\/asterix.com"],"url":"https:\/\/asterix.com\/es\/author\/admin7996\/"}]}},"_links":{"self":[{"href":"https:\/\/asterix.com\/es\/wp-json\/wp\/v2\/posts\/40897","targetHints":{"allow":["GET"]}}],"collection":[{"href":"https:\/\/asterix.com\/es\/wp-json\/wp\/v2\/posts"}],"about":[{"href":"https:\/\/asterix.com\/es\/wp-json\/wp\/v2\/types\/post"}],"author":[{"embeddable":true,"href":"https:\/\/asterix.com\/es\/wp-json\/wp\/v2\/users\/1"}],"replies":[{"embeddable":true,"href":"https:\/\/asterix.com\/es\/wp-json\/wp\/v2\/comments?post=40897"}],"version-history":[{"count":2,"href":"https:\/\/asterix.com\/es\/wp-json\/wp\/v2\/posts\/40897\/revisions"}],"predecessor-version":[{"id":40906,"href":"https:\/\/asterix.com\/es\/wp-json\/wp\/v2\/posts\/40897\/revisions\/40906"}],"wp:featuredmedia":[{"embeddable":true,"href":"https:\/\/asterix.com\/es\/wp-json\/wp\/v2\/media\/40869"}],"wp:attachment":[{"href":"https:\/\/asterix.com\/es\/wp-json\/wp\/v2\/media?parent=40897"}],"wp:term":[{"taxonomy":"category","embeddable":true,"href":"https:\/\/asterix.com\/es\/wp-json\/wp\/v2\/categories?post=40897"},{"taxonomy":"post_tag","embeddable":true,"href":"https:\/\/asterix.com\/es\/wp-json\/wp\/v2\/tags?post=40897"}],"curies":[{"name":"wp","href":"https:\/\/api.w.org\/{rel}","templated":true}]}}